{"id":108,"date":"2016-08-16T00:29:41","date_gmt":"2016-08-16T00:29:41","guid":{"rendered":"http:\/\/nosenec.cz\/?p=108"},"modified":"2025-07-02T16:55:49","modified_gmt":"2025-07-02T14:55:49","slug":"vybiram-prvni-satek-v-tehotenstvi","status":"publish","type":"post","link":"https:\/\/nosenec.cz\/?p=108","title":{"rendered":"Vyb\u00edr\u00e1m prvn\u00ed \u0161\u00e1tek"},"content":{"rendered":"<p>Cht\u011bla byste nosit miminko v \u0161\u00e1tku? Nedok\u00e1\u017eete si vybrat ten &#8222;prav\u00fd&#8220;?<\/p>\n<p>Poj\u010fte se inspirovat a najd\u011bte si ze \u0161irok\u00e9 nab\u00eddky kvalitn\u00ed v\u00fdrobek, kter\u00fd v\u00e1m bude nejv\u00edce vyhovovat a co se v\u00e1m bude tak\u00e9 l\u00edbit Tak, abyste si nos\u00edc\u00ed obdob\u00ed s miminkem kr\u00e1sn\u011b a pohodln\u011b u\u017eila. Pokud p\u0159em\u00fd\u0161l\u00edte nad no\u0161en\u00edm ji\u017e v t\u011bhotenstv\u00ed, m\u016f\u017eete se p\u0159ipravit u\u017e v klidu dop\u0159edu a n\u011bjak\u00fd kousek si vybrat. Ale m\u016f\u017eete to samoz\u0159ejm\u011b nechat i na pozd\u011bji, podle situace, miminka &#8211; v\u00fdb\u011br \u0161\u00e1tk\u016f je dnes \u0161irok\u00fd, mno\u017estv\u00ed velk\u00e9 a jsou dob\u0159e dostupn\u00e9.<\/p>\n<p><!--more--><\/p>\n<p>Mo\u017en\u00e1 \u010dek\u00e1te prvn\u00ed miminko, m\u00e1te dostatek \u010dasu a klidu v\u0161e chystat, pl\u00e1novat a p\u0159em\u00fd\u0161let nad t\u00edm, jak\u00e9 to v\u0161echno bude, a\u017e bude mali\u010dk\u00e9 na sv\u011bt\u011b a m\u00e1te ur\u010dit\u00e9 p\u0159edstavy a ide\u00e1ly o vztahu k miminku a sv\u00e9m \u017eivotn\u00edm stylu, do kter\u00e9ho no\u0161en\u00ed mo\u017en\u00e1 p\u0159esn\u011b zapad\u00e1&#8230;<br \/>\nU\u017e jste ve sv\u00e9m okol\u00ed s \u0161\u00e1tkem n\u011bkoho zahl\u00e9dla \u010di dokonce p\u0159\u00edmo osobn\u011b zn\u00e1te a p\u0159ijde v\u00e1m to jako ide\u00e1ln\u00ed pom\u016fcka \u010di hezk\u00fd &#8222;dopln\u011bk&#8220;, takov\u00fd p\u0159irozen\u011bj\u0161\u00ed ne\u017e ko\u010d\u00e1rek?<br \/>\nP\u0159ijde v\u00e1m p\u0159irozen\u00e9 sv\u00e9 miminko nosit, kdy\u017e s v\u00e1mi je u\u017e takovou dobu spojen\u00e9 a chcete b\u00fdt i nad\u00e1le, v co nejt\u011bsn\u011bj\u0161\u00edm kontaktu?<\/p>\n<p>No, mo\u017en\u00e1 je to \u00fapln\u011b jinak. Mo\u017en\u00e1 chcete jen n\u011bco &#8222;nov\u00e9ho&#8220; vyzkou\u0161et, co nen\u00ed v na\u0161\u00ed spole\u010dnosti u\u017e tak rutinn\u00ed, jako m\u00edt ko\u010d\u00e1rek, a nebo v\u00e1m n\u011bco ve skrytu nitra \u0159\u00edk\u00e1 &#8222;Ano, to se mi l\u00edb\u00ed, tak to m\u00e1 b\u00fdt, miminko p\u0159eci pat\u0159\u00ed k mamince, tam se m\u00e1 nejl\u00edp&#8230;&#8220;?<\/p>\n<p>Gratuluji, jste na dobr\u00e9 cest\u011b! Te\u010f u\u017e to chce jen naj\u00edt ten spr\u00e1vn\u00fd \u0161\u00e1tek a trp\u011blivost se sebou, ostatn\u00ed p\u0159ijde \u010dasem samo&#8230; A pokud budete cht\u00edt v\u00edce jistoty a podpory, m\u016f\u017eete kontaktovat poradkyni no\u0161en\u00ed d\u011bt\u00ed (t\u0159eba m\u011b, \u010di jinou kolegyni ve sv\u00e9m okol\u00ed).<\/p>\n<p><strong>Bavlna, len, konop\u00ed, merino, bambus&#8230; jak\u00fd zvolit materi\u00e1l?<\/strong><\/p>\n<p><a href=\"http:\/\/nosenec.cz\/wp-content\/uploads\/2016\/08\/BloomyLoom.jpeg\"><img decoding=\"async\" loading=\"lazy\" class=\"size-medium wp-image-121 alignleft\" src=\"http:\/\/nosenec.cz\/wp-content\/uploads\/2016\/08\/BloomyLoom-300x211.jpeg\" alt=\"BloomyLoom\" width=\"300\" height=\"211\" srcset=\"https:\/\/nosenec.cz\/wp-content\/uploads\/2016\/08\/BloomyLoom-300x211.jpeg 300w, https:\/\/nosenec.cz\/wp-content\/uploads\/2016\/08\/BloomyLoom-768x539.jpeg 768w, https:\/\/nosenec.cz\/wp-content\/uploads\/2016\/08\/BloomyLoom-385x270.jpeg 385w, https:\/\/nosenec.cz\/wp-content\/uploads\/2016\/08\/BloomyLoom.jpeg 960w\" sizes=\"(max-width: 300px) 100vw, 300px\" \/><\/a>Na za\u010d\u00e1tek se doporu\u010duje sp\u00ed\u0161e ten\u010d\u00ed<strong> bavlna<\/strong>, ale pro mal\u00e9 miminko neud\u011bl\u00e1te chybu ani s p\u0159\u00edm\u011bs\u00ed bambusu (\u0161\u00e1tek bude jemn\u011bj\u0161\u00ed, ale i trochu klouzav\u011bj\u0161\u00ed, co\u017e n\u011bkomu nemus\u00ed vyhovovat).<br \/>\nN\u011bkter\u00e9 \u0161\u00e1tky jsou jemn\u00e9 u\u017e jako nov\u00e9, ale obvykle pot\u0159ebuje nov\u00e1 bavlna trochu tzv. &#8222;zanosit&#8220;, aby zm\u011bkla a dalo se s l\u00e1tkou l\u00e9pe pracovat (m\u016f\u017eete proto zvolit ji\u017e \u0161\u00e1tek po n\u011bkom z &#8222;druh\u00e9 ruky&#8220; nebo si d\u00e1t tro\u0161ku pr\u00e1ce a ke zm\u011bknut\u00ed mu dopomoci jinak &#8211; <a href=\"https:\/\/www.youtube.com\/watch?v=m9WhqCo0oPI\" target=\"_blank\" rel=\"noopener\">&#8222;v\u00e1no\u010dkov\u00e1n\u00edm&#8220;<\/a>, valchov\u00e1n\u00edm pod va\u0161\u00edm prost\u011bradlem, kde sp\u00edte, \u017eehlen\u00edm s napa\u0159ov\u00e1n\u00edm &#8211; \u00a0dle instrukc\u00ed v\u00fdrobce)<\/p>\n<p>Volte <strong>rad\u011bji pevn\u00fd \u0161\u00e1tek<\/strong>, se kter\u00fdm se l\u00e9pe pracuje a \u010dlov\u011bk se nau\u010d\u00ed d\u0159\u00edve l\u00e9pe v\u00e1zat, co\u017e se pozd\u011bji bude hodit.<\/p>\n<p><strong>Metry nebo \u010d\u00edslo&#8230; jakou vybrat velikost?<\/strong><\/p>\n<p>D\u00e9lku \u0161\u00e1tku vyb\u00edrejte <strong>podle sv\u00e9 konfek\u010dn\u00ed velikosti<\/strong> a toho, \u017ee jako prvn\u00ed se budete u\u010dit z\u00e1kladn\u00ed vertik\u00e1ln\u00ed <strong>\u00favaz k\u0159\u00ed\u017e s kapsou uvnit\u0159<\/strong>, kter\u00fd je i na mno\u017estv\u00ed materi\u00e1lu nejn\u00e1ro\u010dn\u011bj\u0161\u00ed. Nosit budete hlavn\u011b vy a ne tat\u00ednek. Vyb\u00edrejte hlavn\u011b podle sebe. Pokud se to tat\u00ednkovi tak\u00e9 zal\u00edb\u00ed, koup\u00ed si pak \u0161\u00e1tek vlastn\u00ed \u010di pozd\u011bji n\u011bjak\u00e9 to nos\u00edtko.<\/p>\n<p>do konfek\u010dn\u00ed velikost 36 \u2013 sta\u010d\u00ed pohodln\u011b velikost 5, tedy cca 4,2 m<br \/>\n<span style=\"line-height: 1.5;\">do konf. vel. 42 \u2013 vel. 6 \/ 4,7 m<br \/>\n<\/span><span style=\"line-height: 1.5;\">do konf. vel. 50 \u2013 vel. 7 \/ 5,2 m<\/span><\/p>\n<p>Hezk\u00fd p\u0159ehled pro v\u00fdb\u011br naleznete na \u010desk\u00fdch str\u00e1nk\u00e1ch<a href=\"http:\/\/www.didymos.cz\/content\/10-velikosti-satku-na-noseni-deti-didymos\" target=\"_blank\" rel=\"noopener\">\u00a0\u0161\u00e1tk\u016f Didymos<\/a>.<\/p>\n<p><strong>Jsou v\u0161echny zna\u010dky kvalitn\u00ed, jak to pozn\u00e1m, kde nakupovat?<\/strong><\/p>\n<p>V\u0161echny bohu\u017eel ne. N\u011bkter\u00e9 \u0161\u00e1tky, hlavn\u011b ty opravdu podez\u0159ele levn\u00e9 (pevn\u00e9 \u0161\u00e1tky nov\u00e9 cca kolem p\u011bti set K\u010d) obvykle nejsou tkan\u00e9 a nemaj\u00ed ty spr\u00e1vn\u00e9 nos\u00edc\u00ed vlastnosti a brzy by nebyly ani pohodln\u00e9, o kvalit\u011b materi\u00e1lu nemluv\u011b&#8230;\u00a0Materi\u00e1ly na v\u00fdrobu by m\u011bly b\u00fdt certifikovan\u00e9 a testovan\u00e9 jako vhodn\u00e9 pro d\u011bti do t\u0159\u00ed let.<\/p>\n<p>Je libo jednobarevn\u00e9, prou\u017eky, vzory? V\u00fdb\u011br a cena je u\u017e na v\u00e1s \u010di man\u017eelovi&#8230; \ud83d\ude42<\/p>\n<p>D\u00edvejte se v ov\u011b\u0159en\u00fdch e-shopech:<br \/>\n<a href=\"http:\/\/www.nosenideti.cz\/\" target=\"_blank\" rel=\"noopener\">www.nosenideti.cz<br \/>\n<\/a><a href=\"http:\/\/vbavlnce.cz\/\" target=\"_blank\" rel=\"noopener\">vbavlnce.cz<\/a><br \/>\n<a href=\"http:\/\/www.isatky.cz\/cs\/\" target=\"_blank\" rel=\"noopener\">www.isatky.cz<\/a><br \/>\n<a href=\"https:\/\/www.branakdetem.cz\/brana-k-detem\/noseni-deti\" target=\"_blank\" rel=\"noopener\">www.branakdetem.cz<br \/>\n<\/a><a href=\"http:\/\/www.satkomanie.cz\/cs\/\" target=\"_blank\" rel=\"noopener\">www.satkomanie.cz<\/a><\/p>\n<p>nebo p\u0159\u00edmo u v\u00fdrobc\u016f, m\u016f\u017eete i \u010desk\u00fdch:<br \/>\n<a href=\"http:\/\/www.sanami.eu\/satky-na-noseni-miminek-a5053\" target=\"_blank\" rel=\"noopener\">www.sanami.eu<br \/>\n<\/a><a href=\"http:\/\/www.loktushe.cz\/index.php?route=product\/category&amp;path=25\" target=\"_blank\" rel=\"noopener\">www.loktushe.cz<br \/>\n<\/a><a href=\"https:\/\/www.vatanai.cz\/\" target=\"_blank\" rel=\"noopener\">www.vatanai.cz<\/a><\/p>\n<p><strong>Koupit nebo p\u016fj\u010dit?<br \/>\n<\/strong><strong><br \/>\n<\/strong>Pokud jste\u00a0<strong><span style=\"text-decoration: underline;\">pevn\u011b rozhodnut\u00e1<\/span>:<\/strong>\u00a0klidn\u011b si \u0161\u00e1tek s klidem <strong>kupte<\/strong> (u jednoho asi nez\u016fstanete&#8230;) a pokud by v\u00e1s omrzel, m\u016f\u017eete ho zase prodat.<\/p>\n<p>Jestli je\u0161t\u011b\u00a0<strong><span style=\"text-decoration: underline;\">v\u00e1h\u00e1te<\/span>,\u00a0<\/strong>nejste pln\u011b p\u0159esv\u011bd\u010dena o pozitivech a kladech no\u0161en\u00ed, chcete to jen vyzkou\u0161et \u010di je to pro v\u00e1s velk\u00e1 investice: <strong>p\u016fj\u010dte si <\/strong>\u0161\u00e1tek (od p\u0159\u00e1tel, zn\u00e1m\u00fdch, v region\u00e1ln\u00ed nosic\u00ed skupince p\u0159es FB, u m\u011b \u010di v p\u016fj\u010dovn\u011b \u0161\u00e1tk\u016f &#8211; nap\u0159. <a href=\"https:\/\/www.branakdetem.cz\/brana-k-detem\/pujceni-satku-709\" target=\"_blank\" rel=\"noopener\">zde<\/a>) a uvid\u00edte, zda se v\u00e1m ob\u011bma no\u0161en\u00ed zal\u00edb\u00ed a po\u0159\u00edd\u00edte si \u0161\u00e1tek vlastn\u00ed.<\/p>\n<p>No\u0161en\u00ed zdar!:-)<a href=\"http:\/\/nosenec.cz\/wp-content\/uploads\/2016\/08\/Daiesu.jpeg\"><img decoding=\"async\" loading=\"lazy\" class=\"wp-image-123 aligncenter\" src=\"http:\/\/nosenec.cz\/wp-content\/uploads\/2016\/08\/Daiesu-300x300.jpeg\" alt=\"Daiesu\" width=\"248\" height=\"248\" srcset=\"https:\/\/nosenec.cz\/wp-content\/uploads\/2016\/08\/Daiesu-300x300.jpeg 300w, https:\/\/nosenec.cz\/wp-content\/uploads\/2016\/08\/Daiesu-150x150.jpeg 150w, https:\/\/nosenec.cz\/wp-content\/uploads\/2016\/08\/Daiesu-270x270.jpeg 270w, https:\/\/nosenec.cz\/wp-content\/uploads\/2016\/08\/Daiesu.jpeg 600w\" sizes=\"(max-width: 248px) 100vw, 248px\" \/><\/a><\/p>\n<p>Foto:\u00a0<a href=\"http:\/\/slingofest.com\/\" target=\"_blank\" rel=\"noopener\">slingofest<\/a><\/p>\n","protected":false},"excerpt":{"rendered":"<p>Cht\u011bla byste nosit miminko v \u0161\u00e1tku? Nedok\u00e1\u017eete si vybrat ten &#8222;prav\u00fd&#8220;? Poj\u010fte se inspirovat a najd\u011bte si ze \u0161irok\u00e9 nab\u00eddky kvalitn\u00ed v\u00fdrobek, kter\u00fd v\u00e1m bude nejv\u00edce vyhovovat a co se v\u00e1m bude tak\u00e9 l\u00edbit Tak, abyste si nos\u00edc\u00ed obdob\u00ed s miminkem kr\u00e1sn\u011b a pohodln\u011b u\u017eila. Pokud p\u0159em\u00fd\u0161l\u00edte nad no\u0161en\u00edm ji\u017e v t\u011bhotenstv\u00ed, m\u016f\u017eete se p\u0159ipravit u\u017e v klidu dop\u0159edu a n\u011bjak\u00fd kousek si vybrat. Ale m\u016f\u017eete to samoz\u0159ejm\u011b nechat i na pozd\u011bji, podle situace, miminka &#8211; v\u00fdb\u011br \u0161\u00e1tk\u016f je dnes&#8230;<\/p>\n<p class=\"read-more\"><a class=\"btn btn-default\" href=\"https:\/\/nosenec.cz\/?p=108\"> Read More<span class=\"screen-reader-text\">  Read More<\/span><\/a><\/p>\n","protected":false},"author":2,"featured_media":0,"comment_status":"open","ping_status":"open","sticky":false,"template":"","format":"standard","meta":[],"categories":[7],"tags":[],"_links":{"self":[{"href":"https:\/\/nosenec.cz\/index.php?rest_route=\/wp\/v2\/posts\/108"}],"collection":[{"href":"https:\/\/nosenec.cz\/index.php?rest_route=\/wp\/v2\/posts"}],"about":[{"href":"https:\/\/nosenec.cz\/index.php?rest_route=\/wp\/v2\/types\/post"}],"author":[{"embeddable":true,"href":"https:\/\/nosenec.cz\/index.php?rest_route=\/wp\/v2\/users\/2"}],"replies":[{"embeddable":true,"href":"https:\/\/nosenec.cz\/index.php?rest_route=%2Fwp%2Fv2%2Fcomments&post=108"}],"version-history":[{"count":18,"href":"https:\/\/nosenec.cz\/index.php?rest_route=\/wp\/v2\/posts\/108\/revisions"}],"predecessor-version":[{"id":301,"href":"https:\/\/nosenec.cz\/index.php?rest_route=\/wp\/v2\/posts\/108\/revisions\/301"}],"wp:attachment":[{"href":"https:\/\/nosenec.cz\/index.php?rest_route=%2Fwp%2Fv2%2Fmedia&parent=108"}],"wp:term":[{"taxonomy":"category","embeddable":true,"href":"https:\/\/nosenec.cz\/index.php?rest_route=%2Fwp%2Fv2%2Fcategories&post=108"},{"taxonomy":"post_tag","embeddable":true,"href":"https:\/\/nosenec.cz\/index.php?rest_route=%2Fwp%2Fv2%2Ftags&post=108"}],"curies":[{"name":"wp","href":"https:\/\/api.w.org\/{rel}","templated":true}]}}