{"id":151,"date":"2016-09-25T18:04:46","date_gmt":"2016-09-25T18:04:46","guid":{"rendered":"http:\/\/nosenec.cz\/?p=151"},"modified":"2017-04-08T14:51:23","modified_gmt":"2017-04-08T14:51:23","slug":"noseni-deti-a-porodnice-melnik","status":"publish","type":"post","link":"https:\/\/nosenec.cz\/?p=151","title":{"rendered":"No\u0161en\u00ed d\u011bt\u00ed a porodnice M\u011bln\u00edk"},"content":{"rendered":"<p>P\u0159id\u00e1v\u00e1m \u00fapln\u00e9 zn\u011bn\u00ed sv\u00e9ho \u010dl\u00e1nku o no\u0161en\u00ed d\u011bt\u00ed napsan\u00e9ho pro m\u011blnickou porodnici v r\u00e1mci Mezin\u00e1rodn\u00edho t\u00fddne no\u0161en\u00ed d\u011bt\u00ed, je\u017e bude prob\u00edhat 2.-8.10.2016.<!--more--><\/p>\n<p style=\"text-align: center;\"><strong><u>Pro\u010d se miminka r\u00e1da nos\u00ed na t\u011ble maminky?<\/u><\/strong><\/p>\n<p>Stejn\u011b jako v\u00a0b\u0159\u00ed\u0161ku, tak i na sv\u011bt\u011b, se c\u00edt\u00ed miminko v\u00a0t\u011bsn\u00e9m kontaktu se svoj\u00ed maminkou klidn\u011bj\u0161\u00ed, spokojen\u011bj\u0161\u00ed a v\u00a0bezpe\u010d\u00ed. V\u017edy\u0165 mu tak\u00e9 poskytuje ty nejd\u016fle\u017eit\u011bj\u0161\u00ed \u017eivotn\u00ed pot\u0159eby \u2013 stravu (v podob\u011b kojen\u00ed), teplo (pokud je v\u00a0kontaktu k\u016f\u017ee na k\u016f\u017ei), zn\u00e1m\u00e9 prost\u0159en\u00ed (zvuky &#8211; tlukot srdce, hlas), specifickou v\u016fni, pohyby a t\u00edm i uklidn\u011bn\u00ed.<\/p>\n<p>No\u0161en\u00ed miminka maminkou nen\u00ed jen m\u00f3dn\u00edm trendem sou\u010dasnosti, ale je to zcela p\u0159irozen\u00e9 a biologicky oboustrann\u011b podm\u00edn\u011bn\u00e9 chov\u00e1n\u00ed. Celosv\u011btov\u011b no\u0161en\u00ed d\u011bt\u00ed st\u00e1le p\u0159evl\u00e1d\u00e1 nad ko\u010d\u00e1rky, co\u017e je d\u00e1no \u017eivotn\u00edmi podm\u00ednkami a kulturn\u00edmi tradicemi. Ji\u017e na\u0161e prababi\u010dky a babi\u010dky znaly a hojn\u011b pou\u017e\u00edvaly r\u016fzn\u00e9 l\u00e1tky na no\u0161en\u00ed d\u011bt\u00ed (\u0159\u00edkalo se jim nap\u0159. \u201ech\u016fvka\u201c nebo \u201etr\u00e1vnice) tak, jako dnes n\u011bkter\u00e9 maminky pou\u017e\u00edvaj\u00ed tkan\u00e9 \u0161\u00e1tky na no\u0161en\u00ed d\u011bt\u00ed. Ko\u010d\u00e1rkov\u00fd \u201eboom\u201c za\u010dal a\u017e v\u00a0devaten\u00e1ct\u00e9m stolet\u00ed, kdy ko\u010d\u00e1rky nebyly pro v\u0161echny a \u010dasto na n\u011b ani nebyly uzp\u016fsobeny cesty.<\/p>\n<p>V\u00a0na\u0161ich podm\u00ednk\u00e1ch a zem\u011bpisn\u00fdch \u0161\u00ed\u0159k\u00e1ch se u\u017e mnoh\u00e9 od t\u011bch dob zm\u011bnilo, ale d\u011bti z\u016fst\u00e1vaj\u00ed st\u00e1le stejn\u00e9 a pot\u0159eby a o\u010dek\u00e1v\u00e1n\u00ed, se kter\u00fdmi se rod\u00ed, se nem\u011bn\u00ed. St\u00e1le jsou nejspokojen\u011bj\u0161\u00ed v\u00a0t\u011bsn\u00e9 bl\u00edzkosti sv\u00e9 maminky, ta je zn\u00e1 nejl\u00e9pe a v\u00ed, jak je ut\u011b\u0161it. St\u00e1le sp\u00ed nejrad\u011bji u maminky a us\u00ednaj\u00ed u n\u00ed na b\u0159\u00ed\u0161ku, jako p\u0159i prvn\u00edm kontaktu, bondingu, kdy\u017e se narodila. Maj\u00ed r\u00e1da pohupov\u00e1n\u00ed, kter\u00e9 znaj\u00ed u\u017e z\u00a0b\u0159\u00ed\u0161ka. Jsou r\u00e1da, kdy\u017e se mohou \u00fa\u010dastnit b\u011b\u017en\u00fdch denn\u00edch aktivit p\u0159\u00edmo s\u00a0maminkou, kdy je s\u00a0nimi v\u00a0pohybu\u2026<\/p>\n<p>Pokud miminku budeme naslouchat, nab\u00eddneme mu n\u00e1ru\u010d, objet\u00ed, budeme s\u00a0n\u00edm v\u00a0kontaktu a budeme ho nosit a kojit podle pot\u0159eb, odpov\u00ed n\u00e1m svou spokojenost\u00ed a klidn\u00fdm us\u00edn\u00e1n\u00edm bez pl\u00e1\u010de. A to je to nejkr\u00e1sn\u011bj\u0161\u00ed a nejjednodu\u0161\u0161\u00ed, co mu bude pom\u00e1hat, i kdy\u017e bude z\u00a0jak\u00e9hokoliv d\u016fvodu rozmrzel\u00e9 (bude ho zlobit nad\u00fdm\u00e1n\u00ed, rostouc\u00ed zoubky, o\u010dkov\u00e1n\u00ed, nemoci). Tento kontakt \u010dasto tak\u00e9 pom\u016f\u017ee, aby se maminka l\u00e9pe s\u00a0miminkem v za\u010d\u00e1tc\u00edch s\u017eila a rychleji se nastartovalo kojen\u00ed.<\/p>\n<p>Abychom mohly miminku vyhov\u011bt a z\u00e1rove\u0148 m\u011bli voln\u00e9 ruce i na dal\u0161\u00ed \u010dinnosti, dobr\u00fdm pomocn\u00edkem n<a href=\"http:\/\/nosenec.cz\/wp-content\/uploads\/2016\/09\/fotografie-009.jpg\"><img decoding=\"async\" loading=\"lazy\" class=\"size-medium wp-image-152 alignright\" src=\"http:\/\/nosenec.cz\/wp-content\/uploads\/2016\/09\/fotografie-009-200x300.jpg\" alt=\"fotografie-009\" width=\"200\" height=\"300\" srcset=\"https:\/\/nosenec.cz\/wp-content\/uploads\/2016\/09\/fotografie-009-200x300.jpg 200w, https:\/\/nosenec.cz\/wp-content\/uploads\/2016\/09\/fotografie-009-768x1152.jpg 768w, https:\/\/nosenec.cz\/wp-content\/uploads\/2016\/09\/fotografie-009-683x1024.jpg 683w, https:\/\/nosenec.cz\/wp-content\/uploads\/2016\/09\/fotografie-009-180x270.jpg 180w\" sizes=\"(max-width: 200px) 100vw, 200px\" \/><\/a>\u00e1m m\u016f\u017ee b\u00fdt v\u00a0prvn\u00edch m\u011bs\u00edc\u00edch \u0161\u00e1tek. V\u00a0\u0161\u00e1tku se daj\u00ed nosit miminka ji\u017e od narozen\u00ed a to i dvoj\u010d\u00e1tka. Spr\u00e1vn\u011b uv\u00e1zan\u00fd \u0161\u00e1tek dok\u00e1\u017ee zajistit dostate\u010dnou a bezpe\u010dnou oporu miminku a z\u00e1rove\u0148 udr\u017euje spr\u00e1vnou polohu ky\u010dl\u00ed pro jejich zdrav\u00fd v\u00fdvoj, stejn\u011b tak, jako \u0161irok\u00e9 balen\u00ed. Na samotn\u00e9m v\u00e1z\u00e1n\u00ed \u0161\u00e1tku nen\u00ed nic slo\u017eit\u00e9ho a \u010dasto se d\u00e1 vysta\u010dit s\u00a0jedn\u00edm \u010di dv\u011bmi \u00favazy na cel\u00e9 nos\u00edc\u00ed obdob\u00ed (tedy do doby, dokud bude no\u0161en\u00ed p\u0159\u00edjemn\u00e9 ob\u011bma stran\u00e1m).<\/p>\n<p>Pro d\u011bti od p\u0159ibli\u017en\u011b t\u0159\u00ed m\u011bs\u00edc\u016f a v\u00edce jsou pak vhodn\u00e1 tak\u00e9 r\u016fzn\u00e1 nos\u00edtka (manipulace je s\u00a0nimi rychlej\u0161\u00ed, pohodlnost pro nosi\u010de je dost individu\u00e1ln\u00ed) \u2013 u t\u011bch si ale je\u0161t\u011b v\u00edce mus\u00ed d\u00e1t maminky pozor, co kupuj\u00ed. Na trhu je nep\u0159ebern\u00e9 mno\u017estv\u00ed produkt\u016f, ale ne v\u0161echny spl\u0148uj\u00ed z\u00e1sady spr\u00e1vn\u00e9ho a zdrav\u00e9ho ergonomick\u00e9ho nos\u00edtka (i kdy\u017e to slov\u00ed\u010dko \u201eergonomick\u00e9\u201c maj\u00ed \u010dasto v\u00a0n\u00e1zvu).<\/p>\n<p>No\u0161en\u00ed se d\u00e1 samoz\u0159ejm\u011b kombinovat s\u00a0vozen\u00edm v\u00a0ko\u010d\u00e1rku. Ka\u017ed\u00e9 miminko je jin\u00e9 a ka\u017ed\u00e9 mamince vyhovuje n\u011bco jin\u00e9ho. Sta\u010d\u00ed si jen vz\u00e1jemn\u011b naslouchat. Kontakt ale ni\u010d\u00edm nahradit nelze, stejn\u011b jako prenat\u00e1ln\u00ed obdob\u00ed, a p\u0159eci jen m\u00e1 no\u0161en\u00ed sv\u00e9 ur\u010dit\u00e9 v\u00fdhody jako jsou voln\u00e9 ob\u011b ruce, neexistuj\u00edc\u00ed p\u0159ek\u00e1\u017eky, schopnost dostat se v\u0161ude a s\u00a0rostouc\u00edm \u201ez\u00e1va\u017e\u00edm\u201c si vyp\u011bstovat dobrou fyzickou kondici \u2013 to v\u0161e stoj\u00ed alespo\u0148 za zkou\u0161ku, nemysl\u00edte?<\/p>\n<p>Bc. Lucie Hor\u00e1kov\u00e1<br \/>\nporodn\u00ed asistentka a poradkyn\u011b v\u00e1z\u00e1n\u00ed d\u011bt\u00ed do \u0161\u00e1tku<\/p>\n<p><!-- [if gte vml 1]><v:shapetype id=\"_x0000_t75\" coordsize=\"21600,21600\" o:spt=\"75\" o:preferrelative=\"t\" path=\"m@4@5l@4@11@9@11@9@5xe\" filled=\"f\" stroked=\"f\">\n<v:stroke joinstyle=\"miter\"\/>\n<v:formulas>\n<v:f eqn=\"if lineDrawn pixelLineWidth 0\"\/>\n<v:f eqn=\"sum @0 1 0\"\/>\n<v:f eqn=\"sum 0 0 @1\"\/>\n<v:f eqn=\"prod @2 1 2\"\/>\n<v:f eqn=\"prod @3 21600 pixelWidth\"\/>\n<v:f eqn=\"prod @3 21600 pixelHeight\"\/>\n<v:f eqn=\"sum @0 0 1\"\/>\n<v:f eqn=\"prod @6 1 2\"\/>\n<v:f eqn=\"prod @7 21600 pixelWidth\"\/>\n<v:f eqn=\"sum @8 21600 0\"\/>\n<v:f eqn=\"prod @7 21600 pixelHeight\"\/>\n<v:f eqn=\"sum @10 21600 0\"\/>\n<\/v:formulas>\n<v:path o:extrusionok=\"f\" gradientshapeok=\"t\" o:connecttype=\"rect\"\/>\n<o:lock v:ext=\"edit\" aspectratio=\"t\"\/>\n<\/v:shapetype><v:shape id=\"_x0000_s1026\" type=\"#_x0000_t75\" style='position:absolute; margin-left:342.35pt;margin-top:311.6pt;width:169.5pt;height:255.25pt; z-index:-1' wrapcoords=\"-86 0 -86 21543 21600 21543 21600 0 -86 0\">\n<v:imagedata src=\"file:\/\/\/C:\\Users\\Lucie\\AppData\\Local\\Temp\\msohtml1\\01\\clip_image001.jpg\" o:title=\"fotografie 009\"\/>\n<w:wrap type=\"tight\"\/>\n<\/v:shape><![endif]--><!-- [if !vml]--><img decoding=\"async\" loading=\"lazy\" src=\"file:\/\/\/C:\\Users\\Lucie\\AppData\\Local\\Temp\\msohtml1\\01\\clip_image002.jpg\" width=\"226\" height=\"340\" align=\"left\" hspace=\"12\" \/><!--[endif]--><\/p>\n<p>&nbsp;<\/p>\n","protected":false},"excerpt":{"rendered":"<p>P\u0159id\u00e1v\u00e1m \u00fapln\u00e9 zn\u011bn\u00ed sv\u00e9ho \u010dl\u00e1nku o no\u0161en\u00ed d\u011bt\u00ed napsan\u00e9ho pro m\u011blnickou porodnici v r\u00e1mci Mezin\u00e1rodn\u00edho t\u00fddne no\u0161en\u00ed d\u011bt\u00ed, je\u017e bude prob\u00edhat 2.-8.10.2016.<\/p>\n","protected":false},"author":2,"featured_media":0,"comment_status":"open","ping_status":"open","sticky":false,"template":"","format":"standard","meta":[],"categories":[7],"tags":[],"_links":{"self":[{"href":"https:\/\/nosenec.cz\/index.php?rest_route=\/wp\/v2\/posts\/151"}],"collection":[{"href":"https:\/\/nosenec.cz\/index.php?rest_route=\/wp\/v2\/posts"}],"about":[{"href":"https:\/\/nosenec.cz\/index.php?rest_route=\/wp\/v2\/types\/post"}],"author":[{"embeddable":true,"href":"https:\/\/nosenec.cz\/index.php?rest_route=\/wp\/v2\/users\/2"}],"replies":[{"embeddable":true,"href":"https:\/\/nosenec.cz\/index.php?rest_route=%2Fwp%2Fv2%2Fcomments&post=151"}],"version-history":[{"count":6,"href":"https:\/\/nosenec.cz\/index.php?rest_route=\/wp\/v2\/posts\/151\/revisions"}],"predecessor-version":[{"id":232,"href":"https:\/\/nosenec.cz\/index.php?rest_route=\/wp\/v2\/posts\/151\/revisions\/232"}],"wp:attachment":[{"href":"https:\/\/nosenec.cz\/index.php?rest_route=%2Fwp%2Fv2%2Fmedia&parent=151"}],"wp:term":[{"taxonomy":"category","embeddable":true,"href":"https:\/\/nosenec.cz\/index.php?rest_route=%2Fwp%2Fv2%2Fcategories&post=151"},{"taxonomy":"post_tag","embeddable":true,"href":"https:\/\/nosenec.cz\/index.php?rest_route=%2Fwp%2Fv2%2Ftags&post=151"}],"curies":[{"name":"wp","href":"https:\/\/api.w.org\/{rel}","templated":true}]}}