{"id":19,"date":"2016-06-21T21:57:10","date_gmt":"2016-06-21T21:57:10","guid":{"rendered":"http:\/\/nosenec.cz\/?p=19"},"modified":"2017-01-19T23:43:15","modified_gmt":"2017-01-19T23:43:15","slug":"proc-nosit-sve-dite-na-tele","status":"publish","type":"post","link":"https:\/\/nosenec.cz\/?p=19","title":{"rendered":"Pro\u010d nosit sv\u00e9 d\u00edt\u011b na t\u011ble?"},"content":{"rendered":"<p style=\"text-align: left;\">Hlavn\u00ed p\u0159\u00ednosy no\u0161en\u00ed d\u011bt\u00ed pro d\u00edt\u011b a matku:<!--more--><\/p>\n<p style=\"text-align: center;\"><strong>kontakt<br \/>\n<\/strong>pro rychlej\u0161\u00ed rozvoj mate\u0159sk\u00e9ho c\u00edt\u011bn\u00ed\u00a0a sou\u017eit\u00ed s\u00a0miminkem<\/p>\n<p style=\"text-align: center;\"><strong>podpora kojen\u00ed<br \/>\n<\/strong>uplatn\u011bn\u00ed vrozen\u00fdch reflex\u016f v\u00a0sav\u010d\u00ed pozici\u00a0pro \u010dasn\u00e9 spu\u0161t\u011bn\u00ed a dlouhodob\u011bj\u0161\u00ed kojen\u00ed,<br \/>\nlze kojit a z\u00e1rove\u0148 i nosit<\/p>\n<p style=\"text-align: center;\"><strong>m\u00e9n\u011b pl\u00e1\u010de<br \/>\n<\/strong>okam\u017eit\u00e9 reagov\u00e1n\u00ed na pot\u0159eby\u00a0a v\u011bt\u0161\u00ed pocit bezpe\u010d\u00ed<\/p>\n<p style=\"text-align: center;\"><strong>proti nad\u00fdm\u00e1n\u00ed<br \/>\n<\/strong>na b\u0159\u00ed\u0161ko miminka p\u016fsob\u00ed teplo\u00a0a pohupov\u00e1n\u00ed mat\u010dina t\u011bla<\/p>\n<p style=\"text-align: center;\"><strong>\u201epoloha M\u201c<br \/>\n<\/strong>pro zdrav\u00fd v\u00fdvoj ky\u010dl\u00ed<a href=\"http:\/\/nosenec.cz\/wp-content\/uploads\/2016\/06\/Sling5.jpg\"><img decoding=\"async\" loading=\"lazy\" class=\"wp-image-25 size-thumbnail aligncenter\" src=\"http:\/\/nosenec.cz\/wp-content\/uploads\/2016\/06\/Sling5-150x150.jpg\" alt=\"Sling5\" width=\"150\" height=\"150\" \/><\/a><\/p>\n<p style=\"text-align: center;\"><strong>podpora spr\u00e1vn\u00e9ho psychomotorick\u00e9ho v\u00fdvoje<br \/>\n<\/strong>zm\u011bny poloh matky nut\u00ed zapojovat svaly<br \/>\npohupov\u00e1n\u00ed p\u016fsob\u00ed pozitivn\u011b na rovnov\u00e1\u017en\u00e9 \u00fastroj\u00ed<\/p>\n<p style=\"text-align: center;\"><strong>snadn\u011bj\u0161\u00ed\u00a0uklidn\u011bn\u00ed<br \/>\n<\/strong>p\u0159i r\u016fstu zoubk\u016f, nemocech, \u0161patn\u00e9m us\u00edn\u00e1n\u00ed<\/p>\n<p style=\"text-align: center;\"><strong>voln\u00e9 ob\u011b ruce<br \/>\n<\/strong>na b\u011b\u017en\u00e9 \u010dinnosti, p\u00e9\u010di o druh\u00e9 d\u00edt\u011b<\/p>\n<p style=\"text-align: center;\"><strong>\u00a0<\/strong><\/p>\n","protected":false},"excerpt":{"rendered":"<p>Hlavn\u00ed p\u0159\u00ednosy no\u0161en\u00ed d\u011bt\u00ed pro d\u00edt\u011b a matku:<\/p>\n","protected":false},"author":2,"featured_media":0,"comment_status":"open","ping_status":"open","sticky":false,"template":"","format":"standard","meta":[],"categories":[7],"tags":[],"_links":{"self":[{"href":"https:\/\/nosenec.cz\/index.php?rest_route=\/wp\/v2\/posts\/19"}],"collection":[{"href":"https:\/\/nosenec.cz\/index.php?rest_route=\/wp\/v2\/posts"}],"about":[{"href":"https:\/\/nosenec.cz\/index.php?rest_route=\/wp\/v2\/types\/post"}],"author":[{"embeddable":true,"href":"https:\/\/nosenec.cz\/index.php?rest_route=\/wp\/v2\/users\/2"}],"replies":[{"embeddable":true,"href":"https:\/\/nosenec.cz\/index.php?rest_route=%2Fwp%2Fv2%2Fcomments&post=19"}],"version-history":[{"count":8,"href":"https:\/\/nosenec.cz\/index.php?rest_route=\/wp\/v2\/posts\/19\/revisions"}],"predecessor-version":[{"id":188,"href":"https:\/\/nosenec.cz\/index.php?rest_route=\/wp\/v2\/posts\/19\/revisions\/188"}],"wp:attachment":[{"href":"https:\/\/nosenec.cz\/index.php?rest_route=%2Fwp%2Fv2%2Fmedia&parent=19"}],"wp:term":[{"taxonomy":"category","embeddable":true,"href":"https:\/\/nosenec.cz\/index.php?rest_route=%2Fwp%2Fv2%2Fcategories&post=19"},{"taxonomy":"post_tag","embeddable":true,"href":"https:\/\/nosenec.cz\/index.php?rest_route=%2Fwp%2Fv2%2Ftags&post=19"}],"curies":[{"name":"wp","href":"https:\/\/api.w.org\/{rel}","templated":true}]}}