{"id":254,"date":"2019-06-11T12:48:02","date_gmt":"2019-06-11T10:48:02","guid":{"rendered":"http:\/\/nosenec.cz\/?p=254"},"modified":"2025-07-02T16:39:38","modified_gmt":"2025-07-02T14:39:38","slug":"podporte-vydani-knihy-miminka-v-rovnovaze-noseni-deti-podle-poznatku-fyzioterapie","status":"publish","type":"post","link":"https:\/\/nosenec.cz\/?p=254","title":{"rendered":"Aktualizace: Kniha &#8222;Miminka v rovnov\u00e1ze &#8211; no\u0161en\u00ed d\u011bt\u00ed podle poznatk\u016f fyzioterapie&#8220; vyd\u00e1na r. 2020"},"content":{"rendered":"\n<p><\/p>\n\n\n\n<p>D\u00edky inciativ\u011b Ivy Gondekov\u00e9 a podpo\u0159e mnoha dal\u0161\u00edch lid\u00ed na hithitu se poda\u0159ilo knihu p\u0159elo\u017eit, vydat a d\u00e1t do prodeje. <\/p>\n\n\n\n<p>N\u011bkolik des\u00edtek zbyl\u00fdch v\u00fdtisk\u016f jsem v roce 2024 od Ivy obdr\u017eela i j\u00e1. Sna\u017eila jsem se je p\u0159edat d\u00e1l kolegyn\u00edm, porodn\u00edm asistentk\u00e1m, fyzioterapeutk\u00e1m, nechala je pro maminky v porodnici. Nab\u00eddla jsem je v\u0161em fakult\u00e1m pro porodn\u00ed asistentky v \u010cR (za po\u0161tovn\u00ed n\u00e1klady) &#8211; p\u00e1r se jich ozvalo. P\u0159esto\u017ee jsem \u010dekala v\u011bt\u0161\u00ed odezvu, i tak m\u00e1m radost. Snad bude v\u0161em inspirac\u00ed a vod\u00edtkem k p\u00e9\u010di, pochopen\u00ed a spr\u00e1vn\u00e9 podpo\u0159e na\u0161ich nejmen\u0161\u00edch.<\/p>\n\n\n\n<p>Kniha se <strong>detailn\u011b v\u011bnuje no\u0161en\u00ed<\/strong> d\u011bt\u00ed <strong>v souvislosti s jejich psychomotorick\u00fdm v\u00fdvojem podle poznatk\u016f fyzioterapie<\/strong> \u2013 a pr\u00e1v\u011b t\u00edmto je pr\u016fkopnick\u00e1, proto\u017ee pozitivn\u00ed \u00fa\u010dinky no\u0161en\u00ed d\u011bt\u00ed v \u0161\u00e1tc\u00edch a nos\u00edtk\u00e1ch nejsou dosud v dostate\u010dn\u00e9 m\u00ed\u0159e sou\u010d\u00e1st\u00ed v\u00fduky l\u00e9ka\u0159stv\u00ed. P\u0159isp\u011bt m\u016f\u017eete <strong>do 28.6.2019<\/strong>.<\/p>\n\n\n<p><!--more--><\/p>\n\n\n<p>Precizn\u011b propracovan\u00e1 kniha <strong>Miminka v rovnov\u00e1ze<\/strong> (z n\u011bmeck\u00e9ho origin\u00e1lu  Babys im Gleichgewicht) zalo\u017een\u00e1 na dlouhodob\u00e9 osobn\u00ed zku\u0161enosti autorek tak oslovuje vedle rodi\u010d\u016f i odborn\u00edky, kter\u00fdm m\u016f\u017ee poslou\u017eit jako u\u010debnice. Kniha sleduje pohybov\u00fd v\u00fdvoj d\u00edt\u011bte od prenat\u00e1ln\u00edho obdob\u00ed p\u0159es jednotliv\u00e9 miln\u00edky a\u017e do 14 m\u011bs\u00edce \u017eivota. Rozli\u0161uje kvalitu a kvantitu pohybu. Hlavn\u00ed pozornost je zam\u011b\u0159ena na pohyb a dotek jako centr\u00e1ln\u00ed moment d\u011btsk\u00e9ho v\u00fdvoje. V ka\u017ed\u00e9m obdob\u00ed se tak\u00e9 v\u011bnuje d\u00edt\u011bti jako no\u0161enci, popisuje, jak no\u0161en\u00ed podporuje v\u00fdvoj a jak se zp\u016fsoby no\u0161en\u00ed prom\u011b\u0148uj\u00ed s r\u016fstem d\u00edt\u011bte.  <\/p>\n\n\n\n<h3>Co je n\u00e1\u0161 c\u00edl?<\/h3>\n\n\n\n<p>P\u0159ejeme si, aby se rodi\u010d\u016fm dostaly odborn\u00e9 informace o no\u0161en\u00ed ze strany fyzioterapeut\u016f, pediatr\u016f, ortoped\u016f a dal\u0161\u00edch specialist\u016f. <strong>Byli bychom r\u00e1di, kdyby se p\u0159estalo pochybovat o prosp\u011b\u0161nosti no\u0161en\u00ed na v\u00fdvoj d\u011btsk\u00e9 p\u00e1te\u0159e a dozr\u00e1v\u00e1n\u00ed ky\u010dl\u00ed a tak\u00e9 o pozitivn\u00edm vlivu no\u0161en\u00ed na psychiku.<\/strong> <strong>A aby se hledalo v\u017edy individu\u00e1ln\u00ed \u0159e\u0161en\u00ed \u2013 pro konkr\u00e9tn\u00ed matku a d\u00edt\u011b.<\/strong><\/p>\n\n\n\n<p>P\u0159isp\u011bjte na vyd\u00e1n\u00ed knihy na <a rel=\"noreferrer noopener\" href=\"https:\/\/l.facebook.com\/l.php?u=http%3A%2F%2Fwww.hithit.com%2Fmiminkavrovnovaze%3Ffbclid%3DIwAR0XCKQCbVAvK4f9NiE3m0_IQ31-IkLgQaMmjblytGJ3GMYZSe6CgdSHoXs&amp;h=AT3vTc0IYA0AqRT1qD4PW9TzMjQBIecY2V5E7XIE15axOj4gffHeTrs_YBpDh2Utbmq70ftr0n8FibKB4F8suhdU-QWyxkpDMfharafSMA9UIlyUWTNDkG_MvFifOLCKqw\" target=\"_blank\">www.hithit.com\/miminkavrovnovaze<\/a> <br><strong>do 28.6.2019<\/strong>. Vybran\u00e9  pen\u00edze pou\u017eijeme <strong>na vyd\u00e1n\u00ed 1000 ks knih.<\/strong><\/p>\n\n\n\n<p><span style=\"text-decoration: underline;\">Finance poputuj\u00ed na:<\/span><\/p>\n\n\n\n<ul>\n<li>p\u0159eklad,<\/li>\n\n\n\n<li>korekturu,<\/li>\n\n\n\n<li>redakci, <\/li>\n\n\n\n<li>grafiku, <\/li>\n\n\n\n<li>tisk,<\/li>\n\n\n\n<li>provizi n\u011bmeck\u00e9mu vydavatelstv\u00ed.<\/li>\n<\/ul>\n\n\n\n<h3>\u2026 a je\u0161t\u011b n\u011bco nav\u00edc<\/h3>\n\n\n\n<p>P\u0159eklad knihy Babys im Gleichgewicht bychom r\u00e1di vydali vlastn\u00edm n\u00e1kladem. Pro\u010d? Jedn\u00e1me p\u0159\u00edmo s autorkami kn\u00ed\u017eky a s jejich n\u011bmeck\u00fdm vydavatelstv\u00edm Elsevier m\u00e1me ji\u017e p\u0159edjednanou smlouvu. Nemus\u00edme d\u011blat kompromisy. Kn\u00ed\u017eku p\u0159elo\u017e\u00ed profesion\u00e1ln\u00ed p\u0159ekladatelka, kter\u00e1 sv\u00e9 d\u011bti nos\u00ed a problematiku zn\u00e1. P\u0159ekladatelka bude spolupracovat s profesion\u00e1ln\u00ed redaktorkou, kter\u00e1 um\u00ed n\u011bmecky a sv\u00e9 d\u011bti tak\u00e9 nosila. Pro\u010d je pro skv\u011bl\u00fd v\u00fdsledek pot\u0159eba i pr\u00e1ce redaktorky? Redaktorka \u010dte p\u0159eklad knihy sou\u010dasn\u011b s origin\u00e1lem, hl\u00edd\u00e1, aby p\u0159eklad p\u016fsobil jako origin\u00e1l, kontroluje, zda odpov\u00edd\u00e1 styl, zda se v textu nevyskytuj\u00ed nelogi\u010dnosti a nesrovnalosti. Zkr\u00e1tka \u2013 v\u00edc o\u010d\u00ed v\u00edc vid\u00ed. Jejich d\u00edlo nakonec zkontroluje korektorka \u2013 ta u\u017e se nebude d\u00edvat na origin\u00e1l, bude opravovat p\u0159\u00edpadn\u00e9 pravopisn\u00e9 chyby, p\u0159eklepy a stylistick\u00e9 drobnosti. Chceme V\u00e1m nab\u00eddnout nejen kvalitn\u00ed obsah, n\u00fdbr\u017e tak\u00e9 kr\u00e1sn\u00fd jazyk a profesion\u00e1ln\u011b zpracovanou knihu. <\/p>\n\n\n\n<p>Aktuality krom\u011b hithitu naleznete zde:  <br><a href=\"https:\/\/www.facebook.com\/miminkavrovnovaze\/\">https:\/\/www.facebook.com\/miminkavrovnovaze\/<\/a> <br>a na str\u00e1nk\u00e1ch inici\u00e1torky Ivy Gondekov\u00e9  <a href=\"https:\/\/nosenivsatku.cz\/\">https:\/\/nosenivsatku.cz\/<\/a> <\/p>\n\n\n\n<figure class=\"wp-block-image\"><img decoding=\"async\" loading=\"lazy\" width=\"960\" height=\"960\" src=\"http:\/\/nosenec.cz\/wp-content\/uploads\/2019\/06\/62529825_681872882275299_4689492817033035776_n.jpg\" alt=\"\" class=\"wp-image-257\" srcset=\"https:\/\/nosenec.cz\/wp-content\/uploads\/2019\/06\/62529825_681872882275299_4689492817033035776_n.jpg 960w, https:\/\/nosenec.cz\/wp-content\/uploads\/2019\/06\/62529825_681872882275299_4689492817033035776_n-150x150.jpg 150w, https:\/\/nosenec.cz\/wp-content\/uploads\/2019\/06\/62529825_681872882275299_4689492817033035776_n-300x300.jpg 300w, https:\/\/nosenec.cz\/wp-content\/uploads\/2019\/06\/62529825_681872882275299_4689492817033035776_n-768x768.jpg 768w, https:\/\/nosenec.cz\/wp-content\/uploads\/2019\/06\/62529825_681872882275299_4689492817033035776_n-270x270.jpg 270w\" sizes=\"(max-width: 960px) 100vw, 960px\" \/><\/figure>\n","protected":false},"excerpt":{"rendered":"<p>D\u00edky inciativ\u011b Ivy Gondekov\u00e9 a podpo\u0159e mnoha dal\u0161\u00edch lid\u00ed na hithitu se poda\u0159ilo knihu p\u0159elo\u017eit, vydat a d\u00e1t do prodeje. N\u011bkolik des\u00edtek zbyl\u00fdch v\u00fdtisk\u016f jsem v roce 2024 od Ivy obdr\u017eela i j\u00e1. Sna\u017eila jsem se je p\u0159edat d\u00e1l kolegyn\u00edm, porodn\u00edm asistentk\u00e1m, fyzioterapeutk\u00e1m, nechala je pro maminky v porodnici. Nab\u00eddla jsem je v\u0161em fakult\u00e1m pro porodn\u00ed asistentky v \u010cR (za po\u0161tovn\u00ed n\u00e1klady) &#8211; p\u00e1r se jich ozvalo. P\u0159esto\u017ee jsem \u010dekala v\u011bt\u0161\u00ed odezvu, i tak m\u00e1m radost. Snad bude v\u0161em inspirac\u00ed&#8230;<\/p>\n<p class=\"read-more\"><a class=\"btn btn-default\" href=\"https:\/\/nosenec.cz\/?p=254\"> Read More<span class=\"screen-reader-text\">  Read More<\/span><\/a><\/p>\n","protected":false},"author":2,"featured_media":0,"comment_status":"closed","ping_status":"closed","sticky":false,"template":"","format":"standard","meta":[],"categories":[11,7],"tags":[],"_links":{"self":[{"href":"https:\/\/nosenec.cz\/index.php?rest_route=\/wp\/v2\/posts\/254"}],"collection":[{"href":"https:\/\/nosenec.cz\/index.php?rest_route=\/wp\/v2\/posts"}],"about":[{"href":"https:\/\/nosenec.cz\/index.php?rest_route=\/wp\/v2\/types\/post"}],"author":[{"embeddable":true,"href":"https:\/\/nosenec.cz\/index.php?rest_route=\/wp\/v2\/users\/2"}],"replies":[{"embeddable":true,"href":"https:\/\/nosenec.cz\/index.php?rest_route=%2Fwp%2Fv2%2Fcomments&post=254"}],"version-history":[{"count":13,"href":"https:\/\/nosenec.cz\/index.php?rest_route=\/wp\/v2\/posts\/254\/revisions"}],"predecessor-version":[{"id":299,"href":"https:\/\/nosenec.cz\/index.php?rest_route=\/wp\/v2\/posts\/254\/revisions\/299"}],"wp:attachment":[{"href":"https:\/\/nosenec.cz\/index.php?rest_route=%2Fwp%2Fv2%2Fmedia&parent=254"}],"wp:term":[{"taxonomy":"category","embeddable":true,"href":"https:\/\/nosenec.cz\/index.php?rest_route=%2Fwp%2Fv2%2Fcategories&post=254"},{"taxonomy":"post_tag","embeddable":true,"href":"https:\/\/nosenec.cz\/index.php?rest_route=%2Fwp%2Fv2%2Ftags&post=254"}],"curies":[{"name":"wp","href":"https:\/\/api.w.org\/{rel}","templated":true}]}}