{"id":302,"date":"2025-07-02T17:17:26","date_gmt":"2025-07-02T15:17:26","guid":{"rendered":"https:\/\/nosenec.cz\/?p=302"},"modified":"2025-07-02T18:44:24","modified_gmt":"2025-07-02T16:44:24","slug":"jak-se-oblekat-pri-noseni-v-lete","status":"publish","type":"post","link":"https:\/\/nosenec.cz\/?p=302","title":{"rendered":"Jak se obl\u00e9kat p\u0159i no\u0161en\u00ed v l\u00e9t\u011b"},"content":{"rendered":"\n<p>Stejn\u011b jako no\u0161en\u00ed d\u011bt\u00ed v zim\u011b, m\u00e1 sv\u00e1 specifika i no\u0161en\u00ed v l\u00e9t\u011b. V\u0161eobecn\u011b plat\u00ed &#8211; nevystavovat nejmen\u0161\u00ed d\u011bti p\u0159\u00edm\u00e9mu slun\u00ed\u010dku.<\/p>\n\n\n\n<p><strong>\u0160\u00e1tek<\/strong> &#8211; pou\u017eijeme ten co m\u00e1me (nej\u010dast\u011bji bavln\u011bn\u00fd, r\u016fzn\u00e9 tlou\u0161\u0165ky a nosnosti) \u010di pokud chceme, m\u016f\u017eeme zainvestovat do n\u011bjak\u00e9ho &#8222;letn\u00edho&#8220; s p\u0159\u00edm\u011bs\u00ed konop\u00ed, lnu, hedv\u00e1b\u00ed, kter\u00fd bude chladiv\u011bj\u0161\u00ed, ten\u010d\u00ed ne\u017e samotn\u00e1 bavlna.<\/p>\n\n\n\n<p><strong>Nos\u00edtko<\/strong> &#8211; m\u016f\u017ee b\u00fdt vzdu\u0161n\u011bj\u0161\u00ed a pro n\u011bkoho v\u00edce p\u0159\u00edjemn\u00e9 (zde plat\u00ed st\u00e1le &#8211; pro nejmen\u0161\u00ed miminka cca do 3 m\u011bs\u00edc\u016f je v\u017edy nejlep\u0161\u00ed \u0161\u00e1tek). Jsou r\u016fzn\u00ed v\u00fdrobci, druhy, materi\u00e1ly &#8211; ka\u017ed\u00fd si m\u016f\u017ee vybrat podle sv\u00fdch preferenc\u00ed, typu postavy, mo\u017enost\u00ed.<\/p>\n\n\n\n<p><strong>Na<\/strong> <strong>sebe<\/strong> &#8211; pro oba nejl\u00e9pe funk\u010dn\u00ed materi\u00e1ly (nap\u0159. merino s hedv\u00e1b\u00edm, outlast), p\u0159\u00edpadn\u011b jen mezi t\u011bla plenku (t\u0159eba i s bambusem).<\/p>\n\n\n\n<p><strong>Pokr\u00fdvka<\/strong> <strong>hlavy<\/strong> &#8211; pro oba nebo velk\u00fd klobouk \u010di slune\u010dn\u00edk (aby d\u011blal st\u00edn d\u00edt\u011bti)<\/p>\n\n\n\n<p><strong>No\u017ei\u010dky<\/strong> &#8211; nezapom\u00ednat na n\u011b &#8211; pokud nelze jinak, tak namazat vhodn\u00fdm opalovac\u00edm kr\u00e9mem, p\u0159ekr\u00fdt plenkou.<\/p>\n\n\n\n<p>S nejmen\u0161\u00edmi je vhodn\u00e9 pob\u00fdvat venku p\u0159i p\u0159im\u011b\u0159en\u00fdch teplot\u00e1ch (r\u00e1no, ve\u010der) \u010di v chladn\u011bj\u0161\u00edm prost\u0159ed\u00ed zahrady, parku s p\u0159\u00edrodn\u00ed klimatizac\u00ed. Dodr\u017eovat p\u0159\u00edsun tekutin pro oba. Pou\u017e\u00edvat sv\u00e9 instinkty a zdrav\u00fd rozum. <\/p>\n\n\n\n<p>A pak sta\u010d\u00ed si u\u017e jen u\u017e\u00edvat volnosti, bl\u00edzkosti a dlouh\u00fdch tepl\u00fdch letn\u00edch dn\u00ed!<\/p>\n\n\n\n<figure class=\"wp-block-image size-large\"><a href=\"http:\/\/nosenec.cz\/wp-content\/uploads\/2025\/07\/20210824_140041-scaled.jpg\"><img decoding=\"async\" loading=\"lazy\" width=\"768\" height=\"1024\" src=\"http:\/\/nosenec.cz\/wp-content\/uploads\/2025\/07\/20210824_140041-768x1024.jpg\" alt=\"\" class=\"wp-image-308\" srcset=\"https:\/\/nosenec.cz\/wp-content\/uploads\/2025\/07\/20210824_140041-768x1024.jpg 768w, https:\/\/nosenec.cz\/wp-content\/uploads\/2025\/07\/20210824_140041-225x300.jpg 225w, https:\/\/nosenec.cz\/wp-content\/uploads\/2025\/07\/20210824_140041-1152x1536.jpg 1152w, https:\/\/nosenec.cz\/wp-content\/uploads\/2025\/07\/20210824_140041-1536x2048.jpg 1536w, https:\/\/nosenec.cz\/wp-content\/uploads\/2025\/07\/20210824_140041-203x270.jpg 203w, https:\/\/nosenec.cz\/wp-content\/uploads\/2025\/07\/20210824_140041-scaled.jpg 1920w\" sizes=\"(max-width: 768px) 100vw, 768px\" \/><\/a><figcaption class=\"wp-element-caption\">Nos\u00edtko Tula Toddler a v n\u011bm skoro 2 let\u00fd Tony<\/figcaption><\/figure>\n","protected":false},"excerpt":{"rendered":"<p>Stejn\u011b jako no\u0161en\u00ed d\u011bt\u00ed v zim\u011b, m\u00e1 sv\u00e1 specifika i no\u0161en\u00ed v l\u00e9t\u011b. V\u0161eobecn\u011b plat\u00ed &#8211; nevystavovat nejmen\u0161\u00ed d\u011bti p\u0159\u00edm\u00e9mu slun\u00ed\u010dku. \u0160\u00e1tek &#8211; pou\u017eijeme ten co m\u00e1me (nej\u010dast\u011bji bavln\u011bn\u00fd, r\u016fzn\u00e9 tlou\u0161\u0165ky a nosnosti) \u010di pokud chceme, m\u016f\u017eeme zainvestovat do n\u011bjak\u00e9ho &#8222;letn\u00edho&#8220; s p\u0159\u00edm\u011bs\u00ed konop\u00ed, lnu, hedv\u00e1b\u00ed, kter\u00fd bude chladiv\u011bj\u0161\u00ed, ten\u010d\u00ed ne\u017e samotn\u00e1 bavlna. Nos\u00edtko &#8211; m\u016f\u017ee b\u00fdt vzdu\u0161n\u011bj\u0161\u00ed a pro n\u011bkoho v\u00edce p\u0159\u00edjemn\u00e9 (zde plat\u00ed st\u00e1le &#8211; pro nejmen\u0161\u00ed miminka cca do 3 m\u011bs\u00edc\u016f je v\u017edy nejlep\u0161\u00ed \u0161\u00e1tek). Jsou r\u016fzn\u00ed&#8230;<\/p>\n<p class=\"read-more\"><a class=\"btn btn-default\" href=\"https:\/\/nosenec.cz\/?p=302\"> Read More<span class=\"screen-reader-text\">  Read More<\/span><\/a><\/p>\n","protected":false},"author":2,"featured_media":0,"comment_status":"open","ping_status":"open","sticky":false,"template":"","format":"standard","meta":[],"categories":[7],"tags":[],"_links":{"self":[{"href":"https:\/\/nosenec.cz\/index.php?rest_route=\/wp\/v2\/posts\/302"}],"collection":[{"href":"https:\/\/nosenec.cz\/index.php?rest_route=\/wp\/v2\/posts"}],"about":[{"href":"https:\/\/nosenec.cz\/index.php?rest_route=\/wp\/v2\/types\/post"}],"author":[{"embeddable":true,"href":"https:\/\/nosenec.cz\/index.php?rest_route=\/wp\/v2\/users\/2"}],"replies":[{"embeddable":true,"href":"https:\/\/nosenec.cz\/index.php?rest_route=%2Fwp%2Fv2%2Fcomments&post=302"}],"version-history":[{"count":8,"href":"https:\/\/nosenec.cz\/index.php?rest_route=\/wp\/v2\/posts\/302\/revisions"}],"predecessor-version":[{"id":311,"href":"https:\/\/nosenec.cz\/index.php?rest_route=\/wp\/v2\/posts\/302\/revisions\/311"}],"wp:attachment":[{"href":"https:\/\/nosenec.cz\/index.php?rest_route=%2Fwp%2Fv2%2Fmedia&parent=302"}],"wp:term":[{"taxonomy":"category","embeddable":true,"href":"https:\/\/nosenec.cz\/index.php?rest_route=%2Fwp%2Fv2%2Fcategories&post=302"},{"taxonomy":"post_tag","embeddable":true,"href":"https:\/\/nosenec.cz\/index.php?rest_route=%2Fwp%2Fv2%2Ftags&post=302"}],"curies":[{"name":"wp","href":"https:\/\/api.w.org\/{rel}","templated":true}]}}