{"id":33,"date":"2016-06-21T23:44:10","date_gmt":"2016-06-21T23:44:10","guid":{"rendered":"http:\/\/nosenec.cz\/?p=33"},"modified":"2016-08-30T21:43:53","modified_gmt":"2016-08-30T21:43:53","slug":"jak-vypada-spravne-a-zdrave-noseni-deti-na-tele","status":"publish","type":"post","link":"https:\/\/nosenec.cz\/?p=33","title":{"rendered":"Jak vypad\u00e1 spr\u00e1vn\u00e9 a zdrav\u00e9 no\u0161en\u00ed d\u011bt\u00ed na t\u011ble?"},"content":{"rendered":"<p>Pro maminku i miminko, je kontakt to nejcenn\u011bj\u0161\u00ed a je velice d\u016fle\u017eit\u00fd pro jejich vz\u00e1jemn\u00e9 sou\u017eit\u00ed a \u017eit\u00ed. Ka\u017ed\u00e9 miminko m\u00e1 pot\u0159ebu kontaktu trochu jinou &#8211; n\u011bkter\u00e9 ho vy\u017eaduje intenzivn\u011b a n\u011bkter\u00e9 jen v ur\u010dit\u00fdch chv\u00edl\u00edch a situac\u00edch. Vhodn\u00e9 nosic\u00ed pom\u016fcky n\u00e1m mohou b\u011b\u017en\u00fd \u017eivot v\u00fdznamn\u011b uleh\u010dit.<!--more--><\/p>\n<p>Pokud u\u017e v\u00edme, jak vypad\u00e1 spr\u00e1vn\u00e1 nosic\u00ed pom\u016fcka a u\u017e m\u00e1me vybr\u00e1no, je d\u016fle\u017eit\u00e9 se j\u00ed nau\u010dit i spr\u00e1vn\u011b pou\u017e\u00edvat.<\/p>\n<p>Za\u010d\u00e1tky mohou b\u00fdt t\u011b\u017ek\u00e9, ale s rostouc\u00edmi zku\u0161enostmi vzroste i kvalita proveden\u00ed \u00favazu \u010di spr\u00e1vn\u00e9ho nastaven\u00ed nos\u00edtka.<\/p>\n<p><strong>Na co si d\u00e1t pozor?<br \/>\n<\/strong><\/p>\n<ul>\n<li>p\u00e1te\u0159 miminka mus\u00ed b\u00fdt ve stejn\u00e9 ose s\u00a0maminkou<\/li>\n<li><u>l\u00e1tka mezi no\u017ei\u010dkami by m\u011bla b\u00fdt rozprost\u0159en\u00e1 od kol\u00ednka ke kol\u00ednku!<\/u><\/li>\n<li>kol\u00ednka jsou v\u00fd\u0161e ne\u017e zade\u010dek (tzv. M poloha ky\u010dl\u00ed)<\/li>\n<li>miminko je tak vysoko, aby mu mohla d\u00e1t maminka pusu na hlavi\u010dku<\/li>\n<li>hlavi\u010dka je op\u0159en\u00e1 o prsa maminky<\/li>\n<li>miminko m\u00e1 zakulacen\u00e1 z\u00e1da p\u0159i sp\u00e1nku<\/li>\n<li>l\u00e1tka \u0161\u00e1tku\/nos\u00edtka pevn\u011b obep\u00edn\u00e1 t\u011blo miminka\u00a0a tvo\u0159\u00ed tak dostate\u010dnou oporu<\/li>\n<li><u>d\u00edt\u011b je v\u017edy \u010delem\u00a0<\/u><u><u>k matce!<\/u><\/u><\/li>\n<\/ul>\n<p><a href=\"http:\/\/nosenec.cz\/wp-content\/uploads\/2016\/06\/11350613_10203176700817819_4893934652151343637_n.jpg\"><img decoding=\"async\" loading=\"lazy\" class=\"wp-image-37  alignnone\" src=\"http:\/\/nosenec.cz\/wp-content\/uploads\/2016\/06\/11350613_10203176700817819_4893934652151343637_n-150x150.jpg\" alt=\"11350613_10203176700817819_4893934652151343637_n\" width=\"150\" height=\"150\" \/>\u00a0 \u00a0 \u00a0 \u00a0 \u00a0 \u00a0 \u00a0 \u00a0 \u00a0 \u00a0 <\/a><a href=\"http:\/\/nosenec.cz\/wp-content\/uploads\/2016\/06\/0-3m\u011bs.png\">\u00a0<\/a><a href=\"http:\/\/nosenec.cz\/wp-content\/uploads\/2016\/06\/zboku1.png\"><img decoding=\"async\" loading=\"lazy\" class=\"size-thumbnail wp-image-36 alignnone\" src=\"http:\/\/nosenec.cz\/wp-content\/uploads\/2016\/06\/zboku1-150x150.png\" alt=\"zboku1\" width=\"150\" height=\"150\" \/><img decoding=\"async\" loading=\"lazy\" class=\"size-thumbnail wp-image-35 alignnone\" src=\"http:\/\/nosenec.cz\/wp-content\/uploads\/2016\/06\/0-3m\u011bs-150x150.png\" alt=\"0-3m\u011bs\" width=\"150\" height=\"150\" \/><\/a><\/p>\n","protected":false},"excerpt":{"rendered":"<p>Pro maminku i miminko, je kontakt to nejcenn\u011bj\u0161\u00ed a je velice d\u016fle\u017eit\u00fd pro jejich vz\u00e1jemn\u00e9 sou\u017eit\u00ed a \u017eit\u00ed. Ka\u017ed\u00e9 miminko m\u00e1 pot\u0159ebu kontaktu trochu jinou &#8211; n\u011bkter\u00e9 ho vy\u017eaduje intenzivn\u011b a n\u011bkter\u00e9 jen v ur\u010dit\u00fdch chv\u00edl\u00edch a situac\u00edch. Vhodn\u00e9 nosic\u00ed pom\u016fcky n\u00e1m mohou b\u011b\u017en\u00fd \u017eivot v\u00fdznamn\u011b uleh\u010dit.<\/p>\n","protected":false},"author":2,"featured_media":0,"comment_status":"open","ping_status":"open","sticky":false,"template":"","format":"standard","meta":[],"categories":[7],"tags":[],"_links":{"self":[{"href":"https:\/\/nosenec.cz\/index.php?rest_route=\/wp\/v2\/posts\/33"}],"collection":[{"href":"https:\/\/nosenec.cz\/index.php?rest_route=\/wp\/v2\/posts"}],"about":[{"href":"https:\/\/nosenec.cz\/index.php?rest_route=\/wp\/v2\/types\/post"}],"author":[{"embeddable":true,"href":"https:\/\/nosenec.cz\/index.php?rest_route=\/wp\/v2\/users\/2"}],"replies":[{"embeddable":true,"href":"https:\/\/nosenec.cz\/index.php?rest_route=%2Fwp%2Fv2%2Fcomments&post=33"}],"version-history":[{"count":12,"href":"https:\/\/nosenec.cz\/index.php?rest_route=\/wp\/v2\/posts\/33\/revisions"}],"predecessor-version":[{"id":128,"href":"https:\/\/nosenec.cz\/index.php?rest_route=\/wp\/v2\/posts\/33\/revisions\/128"}],"wp:attachment":[{"href":"https:\/\/nosenec.cz\/index.php?rest_route=%2Fwp%2Fv2%2Fmedia&parent=33"}],"wp:term":[{"taxonomy":"category","embeddable":true,"href":"https:\/\/nosenec.cz\/index.php?rest_route=%2Fwp%2Fv2%2Fcategories&post=33"},{"taxonomy":"post_tag","embeddable":true,"href":"https:\/\/nosenec.cz\/index.php?rest_route=%2Fwp%2Fv2%2Ftags&post=33"}],"curies":[{"name":"wp","href":"https:\/\/api.w.org\/{rel}","templated":true}]}}