{"id":96,"date":"2016-08-11T13:08:23","date_gmt":"2016-08-11T13:08:23","guid":{"rendered":"http:\/\/nosenec.cz\/?p=96"},"modified":"2016-08-11T20:25:36","modified_gmt":"2016-08-11T20:25:36","slug":"festival-z-bricha-na-bricho-ostrava","status":"publish","type":"post","link":"https:\/\/nosenec.cz\/?p=96","title":{"rendered":"Festival z b\u0159icha na b\u0159icho, Ostrava"},"content":{"rendered":"<p>Pokud zav\u00edt\u00e1te 13.8.2016 b\u011bhem sv\u00fdch pr\u00e1zdninov\u00fdch letn\u00edch toulek a\u017e do Ostravy, ur\u010dit\u011b nezapome\u0148te nav\u0161t\u00edvit tuto zaj\u00edmavou a pou\u010dnou akci.<!--more--><\/p>\n<p><img decoding=\"async\" src=\"http:\/\/detskyrajostrava.cz\/wp-content\/uploads\/13775998_911173865678653_8125054676129702382_n.jpg\" alt=\"13775998_911173865678653_8125054676129702382_n.jpg (678\u00d7960)\" \/><\/p>\n","protected":false},"excerpt":{"rendered":"<p>Pokud zav\u00edt\u00e1te 13.8.2016 b\u011bhem sv\u00fdch pr\u00e1zdninov\u00fdch letn\u00edch toulek a\u017e do Ostravy, ur\u010dit\u011b nezapome\u0148te nav\u0161t\u00edvit tuto zaj\u00edmavou a pou\u010dnou akci.<\/p>\n","protected":false},"author":2,"featured_media":0,"comment_status":"open","ping_status":"open","sticky":false,"template":"","format":"standard","meta":[],"categories":[12],"tags":[],"_links":{"self":[{"href":"https:\/\/nosenec.cz\/index.php?rest_route=\/wp\/v2\/posts\/96"}],"collection":[{"href":"https:\/\/nosenec.cz\/index.php?rest_route=\/wp\/v2\/posts"}],"about":[{"href":"https:\/\/nosenec.cz\/index.php?rest_route=\/wp\/v2\/types\/post"}],"author":[{"embeddable":true,"href":"https:\/\/nosenec.cz\/index.php?rest_route=\/wp\/v2\/users\/2"}],"replies":[{"embeddable":true,"href":"https:\/\/nosenec.cz\/index.php?rest_route=%2Fwp%2Fv2%2Fcomments&post=96"}],"version-history":[{"count":6,"href":"https:\/\/nosenec.cz\/index.php?rest_route=\/wp\/v2\/posts\/96\/revisions"}],"predecessor-version":[{"id":102,"href":"https:\/\/nosenec.cz\/index.php?rest_route=\/wp\/v2\/posts\/96\/revisions\/102"}],"wp:attachment":[{"href":"https:\/\/nosenec.cz\/index.php?rest_route=%2Fwp%2Fv2%2Fmedia&parent=96"}],"wp:term":[{"taxonomy":"category","embeddable":true,"href":"https:\/\/nosenec.cz\/index.php?rest_route=%2Fwp%2Fv2%2Fcategories&post=96"},{"taxonomy":"post_tag","embeddable":true,"href":"https:\/\/nosenec.cz\/index.php?rest_route=%2Fwp%2Fv2%2Ftags&post=96"}],"curies":[{"name":"wp","href":"https:\/\/api.w.org\/{rel}","templated":true}]}}